{"id":87,"name":"Pablo Ulises Rodr\u00edguez Hern\u00e1ndez","url":"https:\/\/www.avsi.org\/cosa-facciamo\/paesi\/messico","description":"","link":"https:\/\/juventudes.mx\/en\/author\/pablo-rodriguezavsi-org\/","slug":"pablo-rodriguezavsi-org","avatar_urls":{"24":"https:\/\/secure.gravatar.com\/avatar\/497ea5470961f933eab90e9876e22fb2?s=24&d=mm&r=g","48":"https:\/\/secure.gravatar.com\/avatar\/497ea5470961f933eab90e9876e22fb2?s=48&d=mm&r=g","96":"https:\/\/secure.gravatar.com\/avatar\/497ea5470961f933eab90e9876e22fb2?s=96&d=mm&r=g"},"meta":{"descripcion":"Nac\u00ed en San Luis Potos\u00ed Capital. Soy licenciado en Antropolog\u00eda, egresado de la Universidad Aut\u00f3noma de San Luis Potos\u00ed, donde adquir\u00ed una s\u00f3lida formaci\u00f3n acad\u00e9mica y una profunda comprensi\u00f3n de la diversidad cultural y social de nuestro pa\u00eds. Durante los \u00faltimos quince a\u00f1os, he dedicado mi carrera profesional a trabajar en proyectos de sociedad civil, enfoc\u00e1ndome principalmente en el empoderamiento de juventudes, el apoyo a pueblos originarios y el fortalecimiento de organizaciones comunitarias. Este trabajo me ha permitido desarrollar habilidades en gesti\u00f3n de proyectos, facilitaci\u00f3n de talleres y promoci\u00f3n de derechos humanos, as\u00ed como una visi\u00f3n amplia y cr\u00edtica de las din\u00e1micas sociales que afectan a estas comunidades.","programas-o-servicios":"","direccion":"Calle Hip\u00f3lito Taine 244, oficina 22 y 23, Polanco, Polanco V Secc, Miguel Hidalgo, 11560, CDMX.","alcaldias":[],"areas-de-enfoque":"","poblacion-atendida":"","telefono":"55 3965 5851","correo-electronico-publico":"","instagram":"","twitter":"","twitter_id":"","facebook":"https:\/\/www.facebook.com\/AVSIMexico","youtube":"","linkedin":"https:\/\/www.linkedin.com\/in\/purh\/","imagen-de-perfil":"http:\/\/juventudes.mx\/wp-content\/uploads\/jet-form-builder\/5c5fd8f44f2e6c2ea296266775bcdc7d\/2024\/06\/FOTO2-PABLO_Ulises_FOB.jpg","imagen-de-portada":"","galeria-de-imagenes":[]},"_links":{"self":[{"href":"https:\/\/juventudes.mx\/en\/wp-json\/wp\/v2\/users\/87","targetHints":{"allow":["GET"]}}],"collection":[{"href":"https:\/\/juventudes.mx\/en\/wp-json\/wp\/v2\/users"}]}}