{"id":69,"name":"Fundacion Pro Ninos de la Calle","url":"https:\/\/proninosdelacalle.org.mx\/","description":"","link":"https:\/\/juventudes.mx\/en\/author\/fundacion-pro-ninos-de-la-calle\/","slug":"fundacion-pro-ninos-de-la-calle","avatar_urls":{"24":"https:\/\/juventudes.mx\/wp-content\/uploads\/jet-engine-forms\/27\/2024\/03\/descarga-150x150.jpeg","48":"https:\/\/juventudes.mx\/wp-content\/uploads\/jet-engine-forms\/27\/2024\/03\/descarga-150x150.jpeg","96":"https:\/\/juventudes.mx\/wp-content\/uploads\/jet-engine-forms\/27\/2024\/03\/descarga-150x150.jpeg"},"meta":{"descripcion":"Dignificar las condiciones de vida de ni\u00f1as, ni\u00f1os y j\u00f3venes en riesgo o en situaci\u00f3n de calle, a trav\u00e9s de acciones de prevenci\u00f3n y psicoeducativas indispensables para el desarrollo de sus habilidades cognitivas, emocionales y sociales, que les permitan elegir y mantener una mejor opci\u00f3n de vida fuera de la calle. PRO NI\u00d1OS es un referente nacional e internacional por el impacto de su modelo de intervenci\u00f3n que, en alianza con diversos sectores, permite generar espacios seguros y dignos donde las ni\u00f1as, ni\u00f1os y j\u00f3venes puedan ejercer sus derechos. Los objetivos de PRO NI\u00d1OS: Disminuir las conexiones con la calle de Ni\u00f1as, Ni\u00f1os y Adolescentes en la Ciudad de M\u00e9xico y la Zona Conurbada; disminuir la permanencia de vida en calle de personas de 17 a\u00f1os o menores en la Ciudad de M\u00e9xico y Zona Conurbada; fortalecer procesos de vida independiente de j\u00f3venes de 17 a\u00f1os o m\u00e1s que han vivido en calle, en Centros de Asistencia Social o que son refugiados en M\u00e9xico; generar conocimiento \u00fatil para la formaci\u00f3n de especialistas en atenci\u00f3n a la infancia en situaciones vulnerables.","programas-o-servicios":"","direccion":"Zaragoza 277, Col. Buenavista, Del. Cuauht\u00e9moc, C.P. 06350, Ciudad de M\u00e9xico","alcaldias":[],"areas-de-enfoque":"","poblacion-atendida":"","telefono":"52 55 55 97 92 99","correo-electronico-publico":"","instagram":"\/fproninos\/","twitter":"\/FProninos","twitter_id":"","facebook":"\/FundacionProNinosdelaCalleIAP","youtube":"","linkedin":"","imagen-de-perfil":"http:\/\/juventudes.mx\/wp-content\/uploads\/jet-engine-forms\/27\/2024\/03\/descarga-1.jpeg","imagen-de-portada":"","galeria-de-imagenes":[]},"_links":{"self":[{"href":"https:\/\/juventudes.mx\/en\/wp-json\/wp\/v2\/users\/69","targetHints":{"allow":["GET"]}}],"collection":[{"href":"https:\/\/juventudes.mx\/en\/wp-json\/wp\/v2\/users"}]}}