{"id":61,"name":"Randal Marquez Ramos","url":"","description":"","link":"https:\/\/juventudes.mx\/en\/author\/randymr\/","slug":"randymr","avatar_urls":{"24":"https:\/\/juventudes.mx\/wp-content\/uploads\/jet-engine-forms\/27\/2024\/02\/FOTO-Randal-Marquez-150x150.jpg","48":"https:\/\/juventudes.mx\/wp-content\/uploads\/jet-engine-forms\/27\/2024\/02\/FOTO-Randal-Marquez-150x150.jpg","96":"https:\/\/juventudes.mx\/wp-content\/uploads\/jet-engine-forms\/27\/2024\/02\/FOTO-Randal-Marquez-150x150.jpg"},"meta":{"descripcion":"L\u00edder juvenil (29 a\u00f1os) de Barranquilla, Colombia. Ha dedicado su vida a promover la inclusi\u00f3n, igualdad y participaci\u00f3n juvenil. Con una trayectoria en redes globales como GOYN y su participaci\u00f3n en el Youth Advisory Group (YAG) de Barranquilla, ha conectado a j\u00f3venes con oportunidades educativas, laborales y de emprendimiento a trav\u00e9s de la comunicaci\u00f3n, cambiando narrativas sobre los j\u00f3venes desconectados. Como cocreador del manifiesto \"Q NINi Ni QUE NA\", ha luchado contra la discriminaci\u00f3n e inspirado el cambio social. Actualmente, como alumno del programa, mantiene una conexi\u00f3n y compromiso con la red global.","programas-o-servicios":"","direccion":"Barranquilla, Colombia","alcaldias":{"\u00c1lvaro Obreg\u00f3n":"false","Azcapotzalco":"false","Benito Ju\u00e1rez":"false","Cuajimalpa":"false","Coyoac\u00e1n":"false","Cuauht\u00e9moc":"false","Gustavo A. Madero":"false","Iztacalco":"false","Iztapalapa":"false","La Magdalena Contreras":"false","Miguel Hidalgo":"false","Milpa Alta":"false","Tl\u00e1huac":"false","Tlalpan":"false","Venustiano Carranza":"false","Xochimilco":"false"},"areas-de-enfoque":"","poblacion-atendida":"","telefono":"","correo-electronico-publico":"","instagram":"","twitter":"","twitter_id":"@tu_cuenta","facebook":"","youtube":"","linkedin":"","imagen-de-perfil":"http:\/\/juventudes.mx\/wp-content\/uploads\/jet-engine-forms\/27\/2024\/10\/Randy-P.jpg","imagen-de-portada":"","galeria-de-imagenes":[]},"_links":{"self":[{"href":"https:\/\/juventudes.mx\/en\/wp-json\/wp\/v2\/users\/61","targetHints":{"allow":["GET"]}}],"collection":[{"href":"https:\/\/juventudes.mx\/en\/wp-json\/wp\/v2\/users"}]}}