{"id":41,"name":"Vanesa Vald\u00e9s Gonz\u00e1lez","url":"","description":"","link":"https:\/\/juventudes.mx\/en\/author\/vanesa\/","slug":"vanesa","avatar_urls":{"24":"https:\/\/juventudes.mx\/wp-content\/uploads\/jet-engine-forms\/27\/2023\/12\/Foto_GAM-Vanessa-150x150.jpg","48":"https:\/\/juventudes.mx\/wp-content\/uploads\/jet-engine-forms\/27\/2023\/12\/Foto_GAM-Vanessa-150x150.jpg","96":"https:\/\/juventudes.mx\/wp-content\/uploads\/jet-engine-forms\/27\/2023\/12\/Foto_GAM-Vanessa-150x150.jpg"},"meta":{"descripcion":"De 24 a\u00f1os de edad. Forma parte del programa CIMA-GAM (Capacitaci\u00f3n Integral para Mujeres en Acci\u00f3n) en J\u00f3venes Constructores de la Comunidad A.C., sita en la Alcald\u00eda Gustavo A. Madero. Actualmente se capacita en la industria de la hospitalidad que le ayuda a desarrollar nuevas competencias, habilidades y crecer como persona y como mujer. Desde que ten\u00eda 18 a\u00f1os, se ha desempe\u00f1ado en el \u00e1mbito laboral en distintos empleos formales e informales. Algunos de los trabajos que ha desempe\u00f1ado tienen relaci\u00f3n con el \u00e1rea de hoteler\u00eda, atenci\u00f3n a clientes, restaurantes y como auxiliar administrativo. Aspira que al final del programa, se emplee en el \u00e1rea de cafeter\u00eda y en un futuro tener su propia cafeter\u00eda.","programas-o-servicios":"","direccion":"","alcaldias":{"\u00c1lvaro Obreg\u00f3n":"false","Azcapotzalco":"false","Benito Ju\u00e1rez":"false","Cuajimalpa":"false","Coyoac\u00e1n":"false","Cuauht\u00e9moc":"false","Gustavo A. Madero":"false","Iztacalco":"false","Iztapalapa":"false","La Magdalena Contreras":"false","Miguel Hidalgo":"false","Milpa Alta":"false","Tl\u00e1huac":"false","Tlalpan":"false","Venustiano Carranza":"false","Xochimilco":"false"},"areas-de-enfoque":"","poblacion-atendida":"","telefono":"5541429966","correo-electronico-publico":"","instagram":"https:\/\/www.instagram.com\/van_eleo\/?hl=es","twitter":"","twitter_id":"@tu_cuenta","facebook":"https:\/\/www.facebook.com\/vanvg07","youtube":"","linkedin":"","imagen-de-perfil":"http:\/\/juventudes.mx\/wp-content\/uploads\/jet-engine-forms\/27\/2023\/12\/Foto_GAM-Vanessa.jpg","imagen-de-portada":"","galeria-de-imagenes":[]},"_links":{"self":[{"href":"https:\/\/juventudes.mx\/en\/wp-json\/wp\/v2\/users\/41","targetHints":{"allow":["GET"]}}],"collection":[{"href":"https:\/\/juventudes.mx\/en\/wp-json\/wp\/v2\/users"}]}}