{"id":4,"name":"Angelica Jasso Carre\u00f3n","url":"https:\/\/www.jovenescontrabajodigno.mx","description":"","link":"https:\/\/juventudes.mx\/en\/author\/angelicajassocarreon\/","slug":"angelicajassocarreon","avatar_urls":{"24":"https:\/\/juventudes.mx\/wp-content\/uploads\/2023\/11\/Angelica-Jasso-150x150.jpg","48":"https:\/\/juventudes.mx\/wp-content\/uploads\/2023\/11\/Angelica-Jasso-150x150.jpg","96":"https:\/\/juventudes.mx\/wp-content\/uploads\/2023\/11\/Angelica-Jasso-150x150.jpg"},"meta":{"descripcion":"Secretaria T\u00e9cnica de Alianza J\u00f3venes con Trabajo Digno\r\n\r\nEs egresada por The London School of Economics and Political Science (LSE)\/ Master Degree, Social Policy (2018-2019) y de El Colegio de M\u00e9xico\/ International Relations International Relations (2010 \u2013 2015) \/ Titulaci\u00f3n: Bachelors. Tiene especialidad en Pol\u00edticas p\u00fablicas y Relaciones Internacionales\r\n","programas-o-servicios":"","direccion":"","alcaldias":{"\u00c1lvaro Obreg\u00f3n":"false","Azcapotzalco":"false","Benito Ju\u00e1rez":"false","Cuajimalpa":"false","Coyoac\u00e1n":"false","Cuauht\u00e9moc":"false","Gustavo A. Madero":"false","Iztacalco":"false","Iztapalapa":"false","La Magdalena Contreras":"false","Miguel Hidalgo":"false","Milpa Alta":"false","Tl\u00e1huac":"false","Tlalpan":"false","Venustiano Carranza":"false","Xochimilco":"false"},"areas-de-enfoque":"","poblacion-atendida":"","telefono":"","correo-electronico-publico":"","instagram":"https:\/\/www.instagram.com\/jovenescontrabajodigno\/","twitter":"https:\/\/twitter.com\/Jovenes_trabajo","twitter_id":"@Jovenes_trabajo","facebook":"https:\/\/www.facebook.com\/JovenesConTrabajoDigno","youtube":"","linkedin":"linkedin.com\/in\/ang\u00e9lica-jasso-30862b71","imagen-de-perfil":"http:\/\/juventudes.mx\/wp-content\/uploads\/2023\/11\/Angelica-Jasso.jpg","imagen-de-portada":"","galeria-de-imagenes":[]},"_links":{"self":[{"href":"https:\/\/juventudes.mx\/en\/wp-json\/wp\/v2\/users\/4","targetHints":{"allow":["GET"]}}],"collection":[{"href":"https:\/\/juventudes.mx\/en\/wp-json\/wp\/v2\/users"}]}}