{"id":33,"name":"Expresi\u00f3n Social X un Trato Integral ES X TI A.C.","url":"https:\/\/es-x-ti-a-c2.webnode.es\/","description":"","link":"https:\/\/juventudes.mx\/en\/author\/expresion-social-x-un-trato-integral\/","slug":"expresion-social-x-un-trato-integral","avatar_urls":{"24":"https:\/\/juventudes.mx\/wp-content\/uploads\/jet-engine-forms\/1\/2023\/11\/EsxTI-logo-2-150x150.jpg","48":"https:\/\/juventudes.mx\/wp-content\/uploads\/jet-engine-forms\/1\/2023\/11\/EsxTI-logo-2-150x150.jpg","96":"https:\/\/juventudes.mx\/wp-content\/uploads\/jet-engine-forms\/1\/2023\/11\/EsxTI-logo-2-150x150.jpg"},"meta":{"descripcion":"Nuestra asociaci\u00f3n  busca que la sociedad se involucre en temas culturales de su interes, que permita recuperar los valores, las tradiciones, las creencias, la solidaridad y el bien comun para lograr una transformaci\u00f3n en nuestro pa\u00eds.\r\n\r\nNuestro compromiso es mantenernos firmes en las acciones que sabemos, proporcionar\u00e1n resultados y cambios positivos. Crear enlaces afectivos en la sociedad a traves de la cultura que permita transformar su entorno para desarrollar un crecimiento economico, intelectual y moral.","programas-o-servicios":"","direccion":"Avenida M\u00e9xico n\u00fam. 319 Colonia. Manzanastitla Alcaldia.Cuajimalpa de Morelos. Ciudad de M\u00e9xico 05270","alcaldias":{"\u00c1lvaro Obreg\u00f3n":"false","Azcapotzalco":"false","Benito Ju\u00e1rez":"false","Cuajimalpa":"false","Coyoac\u00e1n":"false","Cuauht\u00e9moc":"false","Gustavo A. Madero":"false","Iztacalco":"false","Iztapalapa":"false","La Magdalena Contreras":"false","Miguel Hidalgo":"false","Milpa Alta":"false","Tl\u00e1huac":"false","Tlalpan":"false","Venustiano Carranza":"false","Xochimilco":"false"},"areas-de-enfoque":"","poblacion-atendida":"","telefono":"55 4098 1854","correo-electronico-publico":"","instagram":"","twitter":"","twitter_id":"@tu_cuenta","facebook":"https:\/\/www.facebook.com\/ESXTIac","youtube":"","linkedin":"","imagen-de-perfil":"http:\/\/juventudes.mx\/wp-content\/uploads\/jet-engine-forms\/1\/2023\/11\/EsxTI-logo-2.jpg","imagen-de-portada":"","galeria-de-imagenes":[]},"_links":{"self":[{"href":"https:\/\/juventudes.mx\/en\/wp-json\/wp\/v2\/users\/33","targetHints":{"allow":["GET"]}}],"collection":[{"href":"https:\/\/juventudes.mx\/en\/wp-json\/wp\/v2\/users"}]}}