{"id":6472,"date":"2025-04-10T00:00:00","date_gmt":"2025-04-10T16:04:45","guid":{"rendered":"https:\/\/juventudes.mx\/?post_type=noticias&#038;p=6472"},"modified":"2025-05-01T11:19:57","modified_gmt":"2025-05-01T17:19:57","slug":"lanzan-bid-cuida-para-america-latina-y-el-caribe","status":"publish","type":"noticias","link":"https:\/\/juventudes.mx\/en\/noticias\/lanzan-bid-cuida-para-america-latina-y-el-caribe\/","title":{"rendered":"\u201cBID Cuida\u201d launched for Latin America and the Caribbean"},"content":{"rendered":"<p>En el marco de su Asamblea Anual el Banco Interamericano de Desarrollo (BID) lanz\u00f3 la iniciativa &#8216;BID Cuida&#8217; para Am\u00e9rica Latina y El Caribe, enfocada en expandir los servicios de cuidado e infraestructura para mejorar la vida de ni\u00f1os, adultos mayores y personas con discapacidad, y a su vez crear empleos y acelerar el crecimiento econ\u00f3mico en Am\u00e9rica Latina y el Caribe.<\/p>\n<p><strong>\u201cBID Cuida\u201d se basa en 3 pilares:<\/strong><\/p>\n<p>1. Gobernanza y financiamiento: fortalecimiento de los marcos institucionales para sistemas y pol\u00edticas de cuidado integrales.<\/p>\n<p>2. Cobertura y calidad de los servicios: aumento de la inversi\u00f3n en servicios de cuidado de calidad.<\/p>\n<p>3. Responsabilidad compartida del cuidado: promoci\u00f3n de una distribuci\u00f3n m\u00e1s equilibrada de las responsabilidades de cuidado dentro de la sociedad y los hogares<\/p>","protected":false},"author":26,"featured_media":0,"template":"","meta":{"inline_featured_image":false,"imagen_principal_b":"http:\/\/juventudes.mx\/wp-content\/uploads\/jet-engine-forms\/27\/2025\/04\/MEXICO-BID-Cuida.jpg"},"categories":[38],"tags":[],"class_list":["post-6472","noticias","type-noticias","status-publish","hentry","category-salud"],"_links":{"self":[{"href":"https:\/\/juventudes.mx\/en\/wp-json\/wp\/v2\/noticias\/6472","targetHints":{"allow":["GET"]}}],"collection":[{"href":"https:\/\/juventudes.mx\/en\/wp-json\/wp\/v2\/noticias"}],"about":[{"href":"https:\/\/juventudes.mx\/en\/wp-json\/wp\/v2\/types\/noticias"}],"author":[{"embeddable":true,"href":"https:\/\/juventudes.mx\/en\/wp-json\/wp\/v2\/users\/26"}],"wp:attachment":[{"href":"https:\/\/juventudes.mx\/en\/wp-json\/wp\/v2\/media?parent=6472"}],"wp:term":[{"taxonomy":"category","embeddable":true,"href":"https:\/\/juventudes.mx\/en\/wp-json\/wp\/v2\/categories?post=6472"},{"taxonomy":"post_tag","embeddable":true,"href":"https:\/\/juventudes.mx\/en\/wp-json\/wp\/v2\/tags?post=6472"}],"curies":[{"name":"wp","href":"https:\/\/api.w.org\/{rel}","templated":true}]}}