{"id":6431,"date":"2025-03-14T00:00:00","date_gmt":"2025-03-14T19:23:14","guid":{"rendered":"https:\/\/juventudes.mx\/?post_type=noticias&#038;p=6431"},"modified":"2025-05-01T11:20:09","modified_gmt":"2025-05-01T17:20:09","slug":"panorama-laboral-2024-de-america-latina-y-el-caribe","status":"publish","type":"noticias","link":"https:\/\/juventudes.mx\/en\/noticias\/panorama-laboral-2024-de-america-latina-y-el-caribe\/","title":{"rendered":"2024 Labor Outlook for Latin America and the Caribbean"},"content":{"rendered":"<p>Por Organizaci\u00f3n Internacional del Trabajo<\/p>\n<p>El informe de la OIT destaca que, a pesar de algunos avances, la informalidad laboral, las desigualdades de g\u00e9nero y las dificultades que enfrentan los j\u00f3venes y las j\u00f3venes para acceder a un empleo formal siguen siendo barreras cruciales para un mercado laboral m\u00e1s equitativo en Am\u00e9rica Latina y el Caribe.<\/p>\n<ul>\n<li>El informe se\u00f1ala que la informalidad laboral predominante en el mercado de trabajo en la regi\u00f3n, representa un reto para la calidad del empleo y la inclusi\u00f3n social.<br \/>Subraya que contratos precarios, ingresos inestables, falta de seguridad social y mayor vulnerabilidad econ\u00f3mica, impactan de manera desproporcionada sobre mujeres y j\u00f3venes.<\/li>\n<\/ul>\n<p style=\"text-align: center\">See the full report at:<\/p>\n<p style=\"text-align: center\">https:\/\/www.ilo.org\/sites\/default\/files\/2025-03\/OIT-PANORAMA-LABORAL-2024.pdf<\/p>","protected":false},"author":26,"featured_media":0,"template":"","meta":{"inline_featured_image":false,"imagen_principal_b":"http:\/\/juventudes.mx\/wp-content\/uploads\/jet-engine-forms\/27\/2025\/03\/FOTO-REPOR_OIT.jpg"},"categories":[37],"tags":[],"class_list":["post-6431","noticias","type-noticias","status-publish","hentry","category-empleo-y-economia"],"_links":{"self":[{"href":"https:\/\/juventudes.mx\/en\/wp-json\/wp\/v2\/noticias\/6431","targetHints":{"allow":["GET"]}}],"collection":[{"href":"https:\/\/juventudes.mx\/en\/wp-json\/wp\/v2\/noticias"}],"about":[{"href":"https:\/\/juventudes.mx\/en\/wp-json\/wp\/v2\/types\/noticias"}],"author":[{"embeddable":true,"href":"https:\/\/juventudes.mx\/en\/wp-json\/wp\/v2\/users\/26"}],"wp:attachment":[{"href":"https:\/\/juventudes.mx\/en\/wp-json\/wp\/v2\/media?parent=6431"}],"wp:term":[{"taxonomy":"category","embeddable":true,"href":"https:\/\/juventudes.mx\/en\/wp-json\/wp\/v2\/categories?post=6431"},{"taxonomy":"post_tag","embeddable":true,"href":"https:\/\/juventudes.mx\/en\/wp-json\/wp\/v2\/tags?post=6431"}],"curies":[{"name":"wp","href":"https:\/\/api.w.org\/{rel}","templated":true}]}}